{"id":529,"date":"2022-05-05T23:04:35","date_gmt":"2022-05-05T23:04:35","guid":{"rendered":"http:\/\/mouranicriminologue.com\/?p=529"},"modified":"2023-12-30T22:50:47","modified_gmt":"2023-12-30T22:50:47","slug":"vendredi-6-octobre-conference-internationale-de-la-chaire-de-lunesco-et-de-lieim-a-luqam-sur-medias-et-terrorisme","status":"publish","type":"post","link":"https:\/\/www.mouranicriminologie.com\/en\/2022\/05\/05\/vendredi-6-octobre-conference-internationale-de-la-chaire-de-lunesco-et-de-lieim-a-luqam-sur-medias-et-terrorisme\/","title":{"rendered":"International Conference of the UNESCO Chair and the IEIM"},"content":{"rendered":"<style>.kb-gallery-id-529_59ca65-ce .kadence-blocks-gallery-item .kb-gal-image-radius, .kb-gallery-id-529_59ca65-ce .kb-slide-item .kb-gal-image-radius img{border-radius:0px 0px 0px 0px;;}.kb-gallery-wrap-id-529_59ca65-ce.wp-block-kadence-advancedgallery{overflow:visible;}.kb-gallery-wrap-id-529_59ca65-ce.wp-block-kadence-advancedgallery .kt-blocks-carousel{overflow:visible;}<\/style><div class=\"kb-gallery-wrap-id-529_59ca65-ce alignnone wp-block-kadence-advancedgallery\"><div class=\"kb-gallery-ul kb-gallery-non-static kb-gallery-type-slider kb-gallery-id-529_59ca65-ce kb-gallery-caption-style-bottom-hover kb-gallery-filter-none\" data-image-filter=\"none\" data-lightbox-caption=\"true\"><div class=\"kt-blocks-carousel splide kt-carousel-container-dotstyle-dark kt-carousel-arrowstyle-whiteondark kt-carousel-dotstyle-dark kb-slider-group-arrow kb-slider-arrow-position-center\" data-slider-anim-speed=\"400\" data-slider-scroll=\"1\" data-slider-arrows=\"true\" data-slider-fade=\"true\" data-slider-dots=\"true\" data-slider-type=\"slider\" data-slider-hover-pause=\"false\" data-slider-auto=\"\" data-slider-speed=\"7000\" data-show-pause-button=\"false\"><div class=\"splide__track\"><ul class=\"kt-blocks-carousel-init kb-blocks-slider splide__list\"><li class=\"kb-slide-item kb-gallery-slide-item splide__slide\"><div class=\"kadence-blocks-gallery-item\"><div class=\"kadence-blocks-gallery-item-inner\"><figure class=\"kb-gallery-figure kadence-blocks-gallery-item-hide-caption\"><div class=\"kb-gal-image-radius\"><div class=\"kb-gallery-image-contain kadence-blocks-gallery-intrinsic kb-gallery-image-ratio-inherit kb-has-image-ratio-inherit\" ><img decoding=\"async\" src=\"https:\/\/www.mouranicriminologie.com\/wp-content\/uploads\/2022\/05\/img_7672.jpg\" width=\"4032\" height=\"3024\" alt=\"\" data-full-image=\"https:\/\/www.mouranicriminologie.com\/wp-content\/uploads\/2022\/05\/img_7672.jpg\" data-light-image=\"https:\/\/www.mouranicriminologie.com\/wp-content\/uploads\/2022\/05\/img_7672.jpg\" data-id=\"532\" class=\"wp-image-532 skip-lazy\"\/><\/div><\/div><\/figure><\/div><\/div><\/li><li class=\"kb-slide-item kb-gallery-slide-item splide__slide\"><div class=\"kadence-blocks-gallery-item\"><div class=\"kadence-blocks-gallery-item-inner\"><figure class=\"kb-gallery-figure kadence-blocks-gallery-item-hide-caption\"><div class=\"kb-gal-image-radius\"><div class=\"kb-gallery-image-contain kadence-blocks-gallery-intrinsic kb-gallery-image-ratio-inherit kb-has-image-ratio-inherit\" ><img decoding=\"async\" src=\"https:\/\/www.mouranicriminologie.com\/wp-content\/uploads\/2022\/05\/img_7685.jpg\" width=\"4032\" height=\"3024\" alt=\"\" data-full-image=\"https:\/\/www.mouranicriminologie.com\/wp-content\/uploads\/2022\/05\/img_7685.jpg\" data-light-image=\"https:\/\/www.mouranicriminologie.com\/wp-content\/uploads\/2022\/05\/img_7685.jpg\" data-id=\"530\" class=\"wp-image-530 skip-lazy\"\/><\/div><\/div><\/figure><\/div><\/div><\/li><li class=\"kb-slide-item kb-gallery-slide-item splide__slide\"><div class=\"kadence-blocks-gallery-item\"><div class=\"kadence-blocks-gallery-item-inner\"><figure class=\"kb-gallery-figure kadence-blocks-gallery-item-hide-caption\"><div class=\"kb-gal-image-radius\"><div class=\"kb-gallery-image-contain kadence-blocks-gallery-intrinsic kb-gallery-image-ratio-inherit kb-has-image-ratio-inherit\" ><img decoding=\"async\" src=\"https:\/\/www.mouranicriminologie.com\/wp-content\/uploads\/2022\/05\/img_7687.jpg\" width=\"4032\" height=\"3024\" alt=\"\" data-full-image=\"https:\/\/www.mouranicriminologie.com\/wp-content\/uploads\/2022\/05\/img_7687.jpg\" data-light-image=\"https:\/\/www.mouranicriminologie.com\/wp-content\/uploads\/2022\/05\/img_7687.jpg\" data-id=\"531\" class=\"wp-image-531 skip-lazy\"\/><\/div><\/div><\/figure><\/div><\/div><\/li><\/ul><\/div><\/div><\/div><\/div>\n\n\n<p>Participation in the panel on media and terrorism at the International Conference of the\nUNESCO Chair and the IEIM at UQAM.\u00a0<\/p>","protected":false},"excerpt":{"rendered":"<p>Participation in the panel on media and terrorism at the International Conference of the\nUNESCO Chair and the IEIM at UQAM.\u00a0<\/p>","protected":false},"author":1,"featured_media":532,"comment_status":"closed","ping_status":"closed","sticky":false,"template":"","format":"standard","meta":{"_coblocks_attr":"","_coblocks_dimensions":"","_coblocks_responsive_height":"","_coblocks_accordion_ie_support":"","_eb_attr":"","_uag_custom_page_level_css":"","footnotes":""},"categories":[5,14],"tags":[19],"class_list":["post-529","post","type-post","status-publish","format-standard","has-post-thumbnail","hentry","category-activites","category-colloques-et-conferences","tag-colloques"],"blocksy_meta":{"styles_descriptor":{"styles":{"desktop":"","tablet":"","mobile":""},"google_fonts":[],"version":6}},"uagb_featured_image_src":{"full":["https:\/\/www.mouranicriminologie.com\/wp-content\/uploads\/2022\/05\/img_7672.jpg",4032,3024,false],"thumbnail":["https:\/\/www.mouranicriminologie.com\/wp-content\/uploads\/2022\/05\/img_7672.jpg",150,113,false],"medium":["https:\/\/www.mouranicriminologie.com\/wp-content\/uploads\/2022\/05\/img_7672.jpg",300,225,false],"medium_large":["https:\/\/www.mouranicriminologie.com\/wp-content\/uploads\/2022\/05\/img_7672.jpg",768,576,false],"large":["https:\/\/www.mouranicriminologie.com\/wp-content\/uploads\/2022\/05\/img_7672.jpg",1024,768,false],"1536x1536":["https:\/\/www.mouranicriminologie.com\/wp-content\/uploads\/2022\/05\/img_7672.jpg",1536,1152,false],"2048x2048":["https:\/\/www.mouranicriminologie.com\/wp-content\/uploads\/2022\/05\/img_7672.jpg",2048,1536,false],"trp-custom-language-flag":["https:\/\/www.mouranicriminologie.com\/wp-content\/uploads\/2022\/05\/img_7672.jpg",16,12,false]},"uagb_author_info":{"display_name":"admin","author_link":"https:\/\/www.mouranicriminologie.com\/en\/author\/admin\/"},"uagb_comment_info":0,"uagb_excerpt":"Participation au panel sur les m\u00e9dias et le terrorisme \u00e0 la Conf\u00e9rence internationale de la Chaire de l\u2019UNESCO et de l\u2019IEIM \u00e0 l\u2019UQAM.\u00a0","_links":{"self":[{"href":"https:\/\/www.mouranicriminologie.com\/en\/wp-json\/wp\/v2\/posts\/529","targetHints":{"allow":["GET"]}}],"collection":[{"href":"https:\/\/www.mouranicriminologie.com\/en\/wp-json\/wp\/v2\/posts"}],"about":[{"href":"https:\/\/www.mouranicriminologie.com\/en\/wp-json\/wp\/v2\/types\/post"}],"author":[{"embeddable":true,"href":"https:\/\/www.mouranicriminologie.com\/en\/wp-json\/wp\/v2\/users\/1"}],"replies":[{"embeddable":true,"href":"https:\/\/www.mouranicriminologie.com\/en\/wp-json\/wp\/v2\/comments?post=529"}],"version-history":[{"count":3,"href":"https:\/\/www.mouranicriminologie.com\/en\/wp-json\/wp\/v2\/posts\/529\/revisions"}],"predecessor-version":[{"id":4852,"href":"https:\/\/www.mouranicriminologie.com\/en\/wp-json\/wp\/v2\/posts\/529\/revisions\/4852"}],"wp:featuredmedia":[{"embeddable":true,"href":"https:\/\/www.mouranicriminologie.com\/en\/wp-json\/wp\/v2\/media\/532"}],"wp:attachment":[{"href":"https:\/\/www.mouranicriminologie.com\/en\/wp-json\/wp\/v2\/media?parent=529"}],"wp:term":[{"taxonomy":"category","embeddable":true,"href":"https:\/\/www.mouranicriminologie.com\/en\/wp-json\/wp\/v2\/categories?post=529"},{"taxonomy":"post_tag","embeddable":true,"href":"https:\/\/www.mouranicriminologie.com\/en\/wp-json\/wp\/v2\/tags?post=529"}],"curies":[{"name":"wp","href":"https:\/\/api.w.org\/{rel}","templated":true}]}}