{"id":1371,"date":"2022-11-28T18:39:41","date_gmt":"2022-11-28T18:39:41","guid":{"rendered":"https:\/\/www.mouranicriminologie.com\/?p=1371"},"modified":"2023-12-30T22:52:12","modified_gmt":"2023-12-30T22:52:12","slug":"23-novembre-2022-maria-mourani-donne-une-formation-sur-le-harcelement-au-travail-aux-avocats-de-la-cnesst-a-la-table-des-avocats-lors-du-congres-annuel-de-la-cnesst-qui-se-tient-au-palais-des","status":"publish","type":"post","link":"https:\/\/www.mouranicriminologie.com\/en\/2022\/11\/28\/23-novembre-2022-maria-mourani-donne-une-formation-sur-le-harcelement-au-travail-aux-avocats-de-la-cnesst-a-la-table-des-avocats-lors-du-congres-annuel-de-la-cnesst-qui-se-tient-au-palais-des\/","title":{"rendered":"Training Sessions CNSST"},"content":{"rendered":"<figure class=\"wp-block-image size-large\"><img decoding=\"async\" width=\"767\" height=\"1024\" src=\"https:\/\/www.mouranicriminologie.com\/wp-content\/uploads\/2022\/11\/Img_2022_11_28_13_36_15-767x1024.jpeg\" alt=\"\" class=\"wp-image-1372\" srcset=\"https:\/\/www.mouranicriminologie.com\/wp-content\/uploads\/2022\/11\/Img_2022_11_28_13_36_15-767x1024.jpeg 767w, https:\/\/www.mouranicriminologie.com\/wp-content\/uploads\/2022\/11\/Img_2022_11_28_13_36_15-225x300.jpeg 225w, https:\/\/www.mouranicriminologie.com\/wp-content\/uploads\/2022\/11\/Img_2022_11_28_13_36_15-768x1025.jpeg 768w, https:\/\/www.mouranicriminologie.com\/wp-content\/uploads\/2022\/11\/Img_2022_11_28_13_36_15-9x12.jpeg 9w, https:\/\/www.mouranicriminologie.com\/wp-content\/uploads\/2022\/11\/Img_2022_11_28_13_36_15.jpeg 864w\" sizes=\"(max-width: 767px) 100vw, 767px\" \/><\/figure>\n\n\n\n<p>Training on workplace harassment offered to CNESST lawyers at the Lawyers&#039; Table during the\nCNESST&#039;s annual congress held at the Palais des congr\u00e8s on November 23, 2022. In the photo,\nMr. Martel and Mr. Pichette, members of the organizing committee.<\/p>","protected":false},"excerpt":{"rendered":"<p>Training on workplace harassment offered to CNESST lawyers at the Lawyers&#039; Table during the\nCNESST&#039;s annual congress held at the Palais des congr\u00e8s on November 23, 2022. In the photo,\nMr. Martel and Mr. Pichette, members of the organizing committee.<\/p>","protected":false},"author":1,"featured_media":1372,"comment_status":"closed","ping_status":"closed","sticky":false,"template":"","format":"standard","meta":{"_coblocks_attr":"","_coblocks_dimensions":"","_coblocks_responsive_height":"","_coblocks_accordion_ie_support":"","_eb_attr":"","_uag_custom_page_level_css":"","footnotes":""},"categories":[5,16],"tags":[20],"class_list":["post-1371","post","type-post","status-publish","format-standard","has-post-thumbnail","hentry","category-activites","category-formations-et-ateliers-de-prevention","tag-formations"],"blocksy_meta":{"styles_descriptor":{"styles":{"desktop":"","tablet":"","mobile":""},"google_fonts":[],"version":6}},"uagb_featured_image_src":{"full":["https:\/\/www.mouranicriminologie.com\/wp-content\/uploads\/2022\/11\/Img_2022_11_28_13_36_15.jpeg",864,1153,false],"thumbnail":["https:\/\/www.mouranicriminologie.com\/wp-content\/uploads\/2022\/11\/Img_2022_11_28_13_36_15-150x150.jpeg",150,150,true],"medium":["https:\/\/www.mouranicriminologie.com\/wp-content\/uploads\/2022\/11\/Img_2022_11_28_13_36_15-225x300.jpeg",225,300,true],"medium_large":["https:\/\/www.mouranicriminologie.com\/wp-content\/uploads\/2022\/11\/Img_2022_11_28_13_36_15-768x1025.jpeg",768,1025,true],"large":["https:\/\/www.mouranicriminologie.com\/wp-content\/uploads\/2022\/11\/Img_2022_11_28_13_36_15-767x1024.jpeg",767,1024,true],"1536x1536":["https:\/\/www.mouranicriminologie.com\/wp-content\/uploads\/2022\/11\/Img_2022_11_28_13_36_15.jpeg",864,1153,false],"2048x2048":["https:\/\/www.mouranicriminologie.com\/wp-content\/uploads\/2022\/11\/Img_2022_11_28_13_36_15.jpeg",864,1153,false],"trp-custom-language-flag":["https:\/\/www.mouranicriminologie.com\/wp-content\/uploads\/2022\/11\/Img_2022_11_28_13_36_15-9x12.jpeg",9,12,true]},"uagb_author_info":{"display_name":"admin","author_link":"https:\/\/www.mouranicriminologie.com\/en\/author\/admin\/"},"uagb_comment_info":0,"uagb_excerpt":"Formation sur le harc\u00e8lement au travail offerte aux avocats de la CNESST \u00e0 la Table des avocats lors du congr\u00e8s annuel de la CNESST qui s&rsquo;est tenu au Palais des congr\u00e8s le 23 novembre 2022. Sur la photo, Me Martel et Me Pichette, membres du comit\u00e9 organisateur.","_links":{"self":[{"href":"https:\/\/www.mouranicriminologie.com\/en\/wp-json\/wp\/v2\/posts\/1371","targetHints":{"allow":["GET"]}}],"collection":[{"href":"https:\/\/www.mouranicriminologie.com\/en\/wp-json\/wp\/v2\/posts"}],"about":[{"href":"https:\/\/www.mouranicriminologie.com\/en\/wp-json\/wp\/v2\/types\/post"}],"author":[{"embeddable":true,"href":"https:\/\/www.mouranicriminologie.com\/en\/wp-json\/wp\/v2\/users\/1"}],"replies":[{"embeddable":true,"href":"https:\/\/www.mouranicriminologie.com\/en\/wp-json\/wp\/v2\/comments?post=1371"}],"version-history":[{"count":2,"href":"https:\/\/www.mouranicriminologie.com\/en\/wp-json\/wp\/v2\/posts\/1371\/revisions"}],"predecessor-version":[{"id":4872,"href":"https:\/\/www.mouranicriminologie.com\/en\/wp-json\/wp\/v2\/posts\/1371\/revisions\/4872"}],"wp:featuredmedia":[{"embeddable":true,"href":"https:\/\/www.mouranicriminologie.com\/en\/wp-json\/wp\/v2\/media\/1372"}],"wp:attachment":[{"href":"https:\/\/www.mouranicriminologie.com\/en\/wp-json\/wp\/v2\/media?parent=1371"}],"wp:term":[{"taxonomy":"category","embeddable":true,"href":"https:\/\/www.mouranicriminologie.com\/en\/wp-json\/wp\/v2\/categories?post=1371"},{"taxonomy":"post_tag","embeddable":true,"href":"https:\/\/www.mouranicriminologie.com\/en\/wp-json\/wp\/v2\/tags?post=1371"}],"curies":[{"name":"wp","href":"https:\/\/api.w.org\/{rel}","templated":true}]}}